{"id":6283,"date":"2022-10-06T14:06:42","date_gmt":"2022-10-06T18:06:42","guid":{"rendered":"https:\/\/corporacionute-usach.cl\/wp\/?p=6283"},"modified":"2023-01-23T15:36:16","modified_gmt":"2023-01-23T19:36:16","slug":"saludo-de-la-corporacion-soliaria-en-acto-de-hjomenaje-a-ricardo-rioseco-montoya","status":"publish","type":"post","link":"https:\/\/corporacionute-usach.cl\/wp\/2022\/10\/06\/saludo-de-la-corporacion-soliaria-en-acto-de-hjomenaje-a-ricardo-rioseco-montoya\/","title":{"rendered":"SALUDO DE LA CORPORACION SOLIDARIA EN ACTO DE HOMENAJE A RICARDO RIOSECO MONTOYA"},"content":{"rendered":"<p style=\"text-align: justify;\">Saludo de la Corporacion solidaria UTE-USACH, en homenaje a RICARDO RIOSECO MONTOYA , en el pabello de Historia de la USACH<\/p>\n<h4 style=\"text-align: justify;\"><strong>Saludo\u00a0 preparado por JUAN HERNANDEZ, miembro del directorio de la Corporacion, y leido por EMILIO DAROCH , presidente de la CorporAcion<\/strong><\/h4>\n<p style=\"text-align: justify;\">SE\u00d1OR ROLANDO ALVAREZ, DIRECTOR DEL DEPARTAMENTO DE HISTORIA, COMPA\u00d1ERO FABIAN TAPIA, PRESIDENTE DE LA FEUSACH COMPA\u00d1ERA BARBARA SANTAMARIA, PRESIDENTA DE LA AFUSACH COMPA\u00d1ERO EMILIO DAROCH, PRESIDENTE DE LA CORPORAION SOLIDARIA UTE-USACH,\u00a0 COMPA\u00d1ERA MARIA PACHECO,\u00a0 AUTORIDADES, DOCENTES, ESTUDIANTES, COMPA\u00d1EROS DE LA CORPORACION<\/p>\n<p style=\"text-align: justify;\"><img loading=\"lazy\" class=\" wp-image-6284 alignleft\" src=\"https:\/\/corporacionute-usach.cl\/wp\/wp-content\/uploads\/2022\/10\/IMG_0703-300x200.jpg\" alt=\"\" width=\"339\" height=\"226\" srcset=\"https:\/\/corporacionute-usach.cl\/wp\/wp-content\/uploads\/2022\/10\/IMG_0703-300x200.jpg 300w, https:\/\/corporacionute-usach.cl\/wp\/wp-content\/uploads\/2022\/10\/IMG_0703-1240x827.jpg 1240w, https:\/\/corporacionute-usach.cl\/wp\/wp-content\/uploads\/2022\/10\/IMG_0703-768x512.jpg 768w, https:\/\/corporacionute-usach.cl\/wp\/wp-content\/uploads\/2022\/10\/IMG_0703-1536x1024.jpg 1536w, https:\/\/corporacionute-usach.cl\/wp\/wp-content\/uploads\/2022\/10\/IMG_0703-2048x1365.jpg 2048w, https:\/\/corporacionute-usach.cl\/wp\/wp-content\/uploads\/2022\/10\/IMG_0703-1200x800.jpg 1200w\" sizes=\"(max-width: 339px) 100vw, 339px\" \/>Hablar de Ricardo Rioseco Montoya resulta extra\u00f1o\u2026 complejo, \u00bfC\u00f3mo uno puede hablar y hacer un perfil de una persona \u00bf Durante muchos meses , a\u00f1os , estuvimos conectados d\u00edas completos mi largas trasnoches , de m\u00faltiples tareas como las salidas a propaganda , en actos peque\u00f1os y grandes en concentraciones , m\u00edtines callejeros que implicaba en instalar por primera vez un gobierno popular , liderado por el Compa\u00f1ero Salvador Allende , que junto a un conglomerado unidos, llamado Unidad popular , concentrara a miles de j\u00f3venes, como Ricardo hicieran suyo los planteamientos del Gobierno Popular, con alegr\u00eda , con estudiamos. Con fuerza.<\/p>\n<p style=\"text-align: justify;\"><img loading=\"lazy\" class=\" wp-image-6285 alignright\" src=\"https:\/\/corporacionute-usach.cl\/wp\/wp-content\/uploads\/2022\/10\/IMG_0675-300x200.jpg\" alt=\"\" width=\"323\" height=\"215\" srcset=\"https:\/\/corporacionute-usach.cl\/wp\/wp-content\/uploads\/2022\/10\/IMG_0675-300x200.jpg 300w, https:\/\/corporacionute-usach.cl\/wp\/wp-content\/uploads\/2022\/10\/IMG_0675-1240x827.jpg 1240w, https:\/\/corporacionute-usach.cl\/wp\/wp-content\/uploads\/2022\/10\/IMG_0675-768x512.jpg 768w, https:\/\/corporacionute-usach.cl\/wp\/wp-content\/uploads\/2022\/10\/IMG_0675-1536x1024.jpg 1536w, https:\/\/corporacionute-usach.cl\/wp\/wp-content\/uploads\/2022\/10\/IMG_0675-2048x1365.jpg 2048w, https:\/\/corporacionute-usach.cl\/wp\/wp-content\/uploads\/2022\/10\/IMG_0675-1200x800.jpg 1200w\" sizes=\"(max-width: 323px) 100vw, 323px\" \/>Una noche de s\u00e1bado, me conto, que, al otro d\u00eda, ten\u00eda que ir arbitrar un partido de Futbol, que le pagaban unos pesos y ello, caer\u00edan muy bien, y como ten\u00eda cara de \u00e1rbitro pod\u00eda hacerlo, deb\u00eda aprovechar esos tiempos, ya que, por lo general, los domingos, hab\u00eda tareas que cumplir, tanto en la Universidad, como salida a los barrios populares.<\/p>\n<p style=\"text-align: justify;\">Elmer, era un apodo elegido por \u00e9l, no olvido aquel d\u00eda, cuando dos compa\u00f1eros que conoc\u00edamos, nos pidieron que los acompa\u00f1\u00e1ramos. Uno de ellos llevaba un malet\u00edn, al salir, ambos se dirigieron en direcciones opuestas, tu seguiste a uno de ello. A partir de ese d\u00eda, disminuyo la propaganda odiosa malintencionada de la derecha, y que, desde un edificio, se gestaba. Nadie supo o que paso, pero tu estuviste all\u00ed\u2026<\/p>\n<p style=\"text-align: justify;\"><img loading=\"lazy\" class=\"size-medium wp-image-6286 alignleft\" src=\"https:\/\/corporacionute-usach.cl\/wp\/wp-content\/uploads\/2022\/10\/IMG_0676-300x200.jpg\" alt=\"\" width=\"300\" height=\"200\" srcset=\"https:\/\/corporacionute-usach.cl\/wp\/wp-content\/uploads\/2022\/10\/IMG_0676-300x200.jpg 300w, https:\/\/corporacionute-usach.cl\/wp\/wp-content\/uploads\/2022\/10\/IMG_0676-1240x827.jpg 1240w, https:\/\/corporacionute-usach.cl\/wp\/wp-content\/uploads\/2022\/10\/IMG_0676-768x512.jpg 768w, https:\/\/corporacionute-usach.cl\/wp\/wp-content\/uploads\/2022\/10\/IMG_0676-1536x1024.jpg 1536w, https:\/\/corporacionute-usach.cl\/wp\/wp-content\/uploads\/2022\/10\/IMG_0676-2048x1365.jpg 2048w, https:\/\/corporacionute-usach.cl\/wp\/wp-content\/uploads\/2022\/10\/IMG_0676-1200x800.jpg 1200w\" sizes=\"(max-width: 300px) 100vw, 300px\" \/>Se puede decir y as\u00ed lo sent\u00edamos, viv\u00edamos en la UTE, con lo cambios que se produc\u00edan, y nuestra Universidad se comprometi\u00f3 con elevar el rendimiento Estudiantil, tanto docentes, y la FEUT, apoyaban las clases de recuperaci\u00f3n, y t\u00fa tambi\u00e9n estuviste en ese camino. Comprometido con los trabajos voluntarios. En sectores donde no hab\u00eda universidad, ni sedes, en Puerto Montt, en Chilo\u00e9, en Puerto Ays\u00e9n, y tantas localidades, ah\u00ed estuviste siempre presente.<\/p>\n<p style=\"text-align: justify;\">La ute era una universidad en pleno desarrollo, respetada por muchos sectores. Era una universidad al 100 por ciento.<\/p>\n<p style=\"text-align: justify;\">Como no olvidar, que en todos eso movimientos, est\u00e1 un flaco, cantor de \u201cen una aldea costera \u201c<\/p>\n<p style=\"text-align: justify;\">Como entender tu asesinato, cono no poder Ir a dejar una flor. Te asesinaron a mansalva, sin juicio ni cargo alguno, te mataron porque hab\u00eda que matar, en una ciudad peque\u00f1a, donde llegas a ver a tu padre que estaba detenido. Nunca supieron quien eras\u2026hijo de un comunista, por eso deb\u00edas morir. Ocultaron tu cuerpo, nunca apareci\u00f3, muchos testigos, y los autores de tu asesinato, est\u00e1n hoy medianamente identificado, es uno de los juicios pendientes, est\u00e1 en la etapa de sumario, pronto de cerrar, y habran condenas a militares y oficiales \u2026Estamos pronto a que realmente se haga justicia, y la Corporaci\u00f3n, est\u00e1 ah\u00ed, pendiente, atenta, una querella de presentada por la USACH, y la corporaci\u00f3n est\u00e1 vigente . <strong>NO TE DEJAREMOS SOLO.<\/strong><\/p>\n<p style=\"text-align: justify;\"><strong> <img loading=\"lazy\" class=\"size-medium wp-image-6288 alignright\" src=\"https:\/\/corporacionute-usach.cl\/wp\/wp-content\/uploads\/2022\/10\/IMG_0693-300x200.jpg\" alt=\"\" width=\"300\" height=\"200\" srcset=\"https:\/\/corporacionute-usach.cl\/wp\/wp-content\/uploads\/2022\/10\/IMG_0693-300x200.jpg 300w, https:\/\/corporacionute-usach.cl\/wp\/wp-content\/uploads\/2022\/10\/IMG_0693-1240x827.jpg 1240w, https:\/\/corporacionute-usach.cl\/wp\/wp-content\/uploads\/2022\/10\/IMG_0693-768x512.jpg 768w, https:\/\/corporacionute-usach.cl\/wp\/wp-content\/uploads\/2022\/10\/IMG_0693-1536x1024.jpg 1536w, https:\/\/corporacionute-usach.cl\/wp\/wp-content\/uploads\/2022\/10\/IMG_0693-2048x1365.jpg 2048w, https:\/\/corporacionute-usach.cl\/wp\/wp-content\/uploads\/2022\/10\/IMG_0693-1200x800.jpg 1200w\" sizes=\"(max-width: 300px) 100vw, 300px\" \/><\/strong>Cuantos monolitos, al interior de la Universidad nos recuerdan, los muchos que fueron asesinados, hoy te inscribimos en nuestra lista de recuerdo, en 2013, recibiste tu t\u00edtulo p\u00f3stumo, tus compa\u00f1eros de Carrera, tus profesores, y los estudiantes, al pasar por este camino, sabran que fuiste u n muchacho como ellos, que su delito era pensar diferente a los dictadores, pero que siempre estar\u00e1s en el recuerdo.<\/p>\n<p style=\"text-align: justify;\"><strong>HONOR Y GLORIA, PARA MI AMIGO Y COMPA\u00d1ERO RICARDO.<\/strong><\/p>\n<p style=\"text-align: justify;\"><strong>\u00a1PORQUE NADA, NI NADIE ESTA OLVIDADO \u00a1<\/strong><\/p>\n<p style=\"text-align: justify;\">Michas Gracias<\/p>\n","protected":false},"excerpt":{"rendered":"<p>Saludo de la Corporacion solidaria UTE-USACH, en homenaje a RICARDO RIOSECO MONTOYA , en el pabello de Historia de la USACH Saludo\u00a0 preparado por JUAN HERNANDEZ, miembro del directorio de la Corporacion, y leido por EMILIO DAROCH , presidente de la CorporAcion SE\u00d1OR ROLANDO ALVAREZ, DIRECTOR DEL DEPARTAMENTO DE HISTORIA, COMPA\u00d1ERO FABIAN TAPIA, PRESIDENTE DE [&hellip;]<\/p>\n","protected":false},"author":3,"featured_media":0,"comment_status":"closed","ping_status":"closed","sticky":false,"template":"","format":"standard","meta":{"pagelayer_contact_templates":[],"_pagelayer_content":""},"categories":[1],"tags":[],"_links":{"self":[{"href":"https:\/\/corporacionute-usach.cl\/wp\/wp-json\/wp\/v2\/posts\/6283"}],"collection":[{"href":"https:\/\/corporacionute-usach.cl\/wp\/wp-json\/wp\/v2\/posts"}],"about":[{"href":"https:\/\/corporacionute-usach.cl\/wp\/wp-json\/wp\/v2\/types\/post"}],"author":[{"embeddable":true,"href":"https:\/\/corporacionute-usach.cl\/wp\/wp-json\/wp\/v2\/users\/3"}],"replies":[{"embeddable":true,"href":"https:\/\/corporacionute-usach.cl\/wp\/wp-json\/wp\/v2\/comments?post=6283"}],"version-history":[{"count":5,"href":"https:\/\/corporacionute-usach.cl\/wp\/wp-json\/wp\/v2\/posts\/6283\/revisions"}],"predecessor-version":[{"id":7000,"href":"https:\/\/corporacionute-usach.cl\/wp\/wp-json\/wp\/v2\/posts\/6283\/revisions\/7000"}],"wp:attachment":[{"href":"https:\/\/corporacionute-usach.cl\/wp\/wp-json\/wp\/v2\/media?parent=6283"}],"wp:term":[{"taxonomy":"category","embeddable":true,"href":"https:\/\/corporacionute-usach.cl\/wp\/wp-json\/wp\/v2\/categories?post=6283"},{"taxonomy":"post_tag","embeddable":true,"href":"https:\/\/corporacionute-usach.cl\/wp\/wp-json\/wp\/v2\/tags?post=6283"}],"curies":[{"name":"wp","href":"https:\/\/api.w.org\/{rel}","templated":true}]}}