{"id":4995,"date":"2021-05-08T13:55:27","date_gmt":"2021-05-08T17:55:27","guid":{"rendered":"https:\/\/corporacionute-usach.cl\/wp\/?p=4995"},"modified":"2021-05-08T13:55:33","modified_gmt":"2021-05-08T17:55:33","slug":"el-dia-de-las-madres","status":"publish","type":"post","link":"https:\/\/corporacionute-usach.cl\/wp\/2021\/05\/08\/el-dia-de-las-madres\/","title":{"rendered":"EL D\u00cdA DE LAS MADRES"},"content":{"rendered":"<p style=\"text-align: justify;\"><strong>Por Iris Aceit\u00f3n Venegas &#8211;\u00a0 Ex Estudiante de la Universidad T\u00e9cnica del Estado \u2013 08-05-2021 <\/strong><\/p>\n<p style=\"text-align: justify;\"><img loading=\"lazy\" class=\"alignnone wp-image-4996\" src=\"https:\/\/corporacionute-usach.cl\/wp\/wp-content\/uploads\/2021\/05\/pobreza-300x200.jpg\" alt=\"\" width=\"606\" height=\"404\" srcset=\"https:\/\/corporacionute-usach.cl\/wp\/wp-content\/uploads\/2021\/05\/pobreza-300x200.jpg 300w, https:\/\/corporacionute-usach.cl\/wp\/wp-content\/uploads\/2021\/05\/pobreza-768x512.jpg 768w, https:\/\/corporacionute-usach.cl\/wp\/wp-content\/uploads\/2021\/05\/pobreza.jpg 900w\" sizes=\"(max-width: 606px) 100vw, 606px\" \/>No se ver\u00eda bien visto que este texto lo titulara \u201cel d\u00eda de las conchas de su madre\u201d, el garabato peor calificado en la jerga chilena y tambi\u00e9n en varios pa\u00edses latinoamericanos. Seg\u00fan les entendides en la materia de la coprolalia, esta obscena frase no va dirigida a la madre del contrincante sino, al depositario misme, en otras palabras: \u201cEris tan peor que mejor devu\u00e9lvete a la vagina de tu madre\u201d, igual nos meten en el ruedo de la mocha. La concha de tu madre es ahora una frase parte del paisaje urbano de Chile y lo puso de moda nuestro presidente. En el diario del pueblo, l\u00e9ase muros, murallas y fachadas de casas e instituciones; les inspirades poetas lo abreviaron:<\/p>\n<p style=\"text-align: justify;\">\u00a1RENUNCIA PI\u00d1ERA CTM!<\/p>\n<p style=\"text-align: justify;\">\u00a1MU\u00c9RETE PI\u00d1ERA CTM!<\/p>\n<p style=\"text-align: justify;\">\u00a0En esta fecha que con tanto esmero y anticipaci\u00f3n se han encargado de recordarnos el \u201cel buen hijo mercado\u201d, regulador de nuestras vidas y tambi\u00e9n durante y despu\u00e9s de la muerte, hasta para le hije m\u00e1s descarriado no pasar\u00e1 inadvertido.<\/p>\n<p style=\"text-align: justify;\">Dicen que ya en la antigua Grecia se festejaba a Rhea, la diosa madre de los planetas.<\/p>\n<p style=\"text-align: justify;\">\u00a0A los se\u00f1ores feudales de la antigua Inglaterra se les atribuye la piadosa modalidad de permitir que sus vasallos, que trabajaban solo por la comida y el techo, pudieran una vez al a\u00f1o visitar a sus madres. En un acto de gran misericordia, digo yo\u2026<\/p>\n<p style=\"text-align: justify;\">Los aztecas honraban la maternidad. En su mitolog\u00eda respecto a la creaci\u00f3n del mundo, reconoc\u00edan a la diosa Coyolxauhqui quien representaba a la Luna y era la madre de Huitzilopochitli dios del Sol. La madre Luna fue asesinada por las celosas estrellas para que no concibiera un hijo con tan excesivo poder. Al igual que la Eva en el para\u00edso, fueron las femeninas estrellas las que dejaron la cag\u00e1 y finalmente se impuso la grandeza del masculino dios Sol que naci\u00f3 al morir su madre y triunf\u00f3 ante las tinieblas. \u00bfY empez\u00f3 el patriarcado, mierda?<\/p>\n<p style=\"text-align: justify;\">Fue para variar en EEUU, all\u00e1 por el a\u00f1o 1872 donde se reunieron las primeras madres \u201cque ofrendaron la vida de sus hijos a la patria\u201d; es decir madres de soldados asesinados en la guerra.<\/p>\n<p style=\"text-align: justify;\">Manerita forma de consolar a una madre ante la m\u00e1s desgarradora de las p\u00e9rdidas. Seguramente con la entrega de charretelas de lata y una bandera hecha a la ligera, m\u00e1s los honores p\u00f3stumos; la viejecita se iba a su hogar con el vac\u00edo m\u00e1s hondo en su alma, pero, con la certeza de haber parido un hijo h\u00e9roe.<\/p>\n<p style=\"text-align: justify;\">En el a\u00f1o 1914 el presidente Wilson, instaur\u00f3 el \u201cd\u00eda de la madre\u201d como fiesta nacional a celebrarse el segundo domingo de cada mes de mayo.<\/p>\n<p style=\"text-align: justify;\">\u00a0Hace 104 a\u00f1os que nos soban el lomo con esta fiestecita, no s\u00e9 en qu\u00e9 a\u00f1o agarraron papa aqu\u00ed les chilenites; buena pega para los publicistas y los due\u00f1os del riteil, como los llaman ahora a las antiguas pulper\u00edas y a las grandes casas comerciales.<\/p>\n<p style=\"text-align: justify;\">\u00a0Las viejas de la pobla trabajan m\u00e1s que nunca en su d\u00eda, aseando la casa, cocinando para el tropel de hijos y nietos que se comer\u00e1n hasta las reservas de comida para la semana, eso era cuando ten\u00edan comida. Ahora si es que \u00a0venden de en la feria o de ambulante en cualquier lugar, contando con la suerte que \u00a0los pacos o milicos no se las llevan presa por no respetar la cuarentena\u2026 Claro, los hijos m\u00e1s pudientes las invitan a almorzar a costosos restaurantes. Ahora con la pandemia solo tendr\u00e1n el privilegio las comunas del Oriente de Santiago. Todo fr\u00edamente calculado, el mercado se impone. El rotaje de las otras comunas seguimos encuarentenades. En los malls del barrio alto el virus covid19 se puso bueno, \u00a1A comprar, a comprar que el mundo se va a acabar!<\/p>\n<p style=\"text-align: justify;\">Este domingo nos celebramos las que hemos sido madres, por opci\u00f3n o, por obligaci\u00f3n. As\u00ed no m\u00e1s es, no idealicemos la maternidad, seg\u00fan los patrones impuestos por el patriarcado que todav\u00eda nos domina. La opci\u00f3n de las cada d\u00eda m\u00e1s mujeres que no quieren ser madres biol\u00f3gicas es felizmente tambi\u00e9n, cada d\u00eda m\u00e1s respetable como deber\u00eda haber sido siempre. No somos m\u00e1quinas reproductivas de seres humanes, cada d\u00eda m\u00e1s deshumanizades por el sistema opresor que nos agobia.<\/p>\n<p style=\"text-align: justify;\">Imag\u00ednense la espera de una madre que ha planificado su embarazo. Control m\u00e9dico mes a mes con su facultativo de cabecera, dispuesto a atenderla al m\u00e1s m\u00ednimo requerimiento las 24 horas del d\u00eda, todos los ex\u00e1menes pertinentes y en el preciso momento, la fecha de la ces\u00e1rea programada con antelaci\u00f3n. La cl\u00ednica que m\u00e1s que cl\u00ednica parece un Hotel de 10 estrellas, una suite con hasta tres ba\u00f1os, un c\u00f3modo dormitorio adyacente por si el esposo o alg\u00fan otro pariente decide pasar la noche con la parturienta, un gran sal\u00f3n de espera para las visitas con capacidad para contener los canastillos de flores y regalos para la criatura que le servir\u00e1n hasta que cumpla la mayor\u00eda de edad. El men\u00fa es variado, sano y equilibrado. Su cirujano pl\u00e1stico podr\u00e1 decidir junto a su ginec\u00f3logo si es posible realizar en el acto la operaci\u00f3n est\u00e9tica que borrar\u00e1 todo vestigio del sacrificio de la maternidad. La Man\u00e9 no sabe cu\u00e1ntos hijos m\u00e1s tendr\u00e1, es absolutamente contraria al aborto, lo considera un asesinato en todas sus circunstancias.<\/p>\n<p style=\"text-align: justify;\">La Rosita, madre de la Pedro Aguirre Cerda parir\u00e1 su quinto hijo. \u00a1Ha seguir contribuyendo con la patria, ampliando la oferta de la mano de obra, cooperando con los empresarios y que sigan los salarios de hambre congelados! \u00a0En el consultorio ahora piden receta para entregarle los anticonceptivos. No volver\u00e1 a provocarse un aborto con la vieja del barrio, la \u00faltima vez casi se muri\u00f3 y termin\u00f3 en el hospital. Perdi\u00f3 la cuenta cuantos meses tiene de gestaci\u00f3n, en el consultorio ten\u00eda que esperar horas para que la atendieran. \u00bfY qui\u00e9n va a cuidar la parv\u00e1 de cabros chicos que se quedan en la casa solos? Si porque el Brayan hace meses que se fue de la casa al saber que nuevamente ser\u00eda pap\u00e1. Mejor que se haya ido el desgraciado dice la Rosi; la \u00faltima paliza que le propin\u00f3 casi le hace perder su guagua. \u00a0Total, tiene buenas vecinas quienes junto a su madre se encargar\u00e1n de su prole.<\/p>\n<p style=\"text-align: justify;\">\u00a1All\u00ed a parir en las camitas calientes del Barros Luco! Hasta dos mamitas por cama, una en la cabecera, la otra a los pies. Con sumo cuidado eso s\u00ed para que no se vayan a confundir las guaguas. Las completadas que se hicieron en el pasaje dieron buenos resultados; hartos pa\u00f1ales, chalequitos y bombachas tejidos a palillos por las viejas de la junta vecinal.<\/p>\n<p style=\"text-align: justify;\">La comida es muy mala y desabrida, la Rosi sue\u00f1a con comerse una cazuela de pollo con un gran trutro largo, una papa y harto zapallo. La cabra del rinc\u00f3n tiene poca leche, su criatura llora de hambre, la Rosita no lo piensa dos veces y se lo pone en su teta, mama como condenado el cabro chico; total su Roc\u00edo tiene para ella la otra teta hinchada de leche, tendr\u00e1 que aprender a compartir como buena pobre\u2026<\/p>\n<p style=\"text-align: justify;\">De repente a la Rosita le baja la desesperanza \u00bfSe la podr\u00e1 para alimentar cinco bocas? Salir a vender cualquier cosa a la calle, con les cabres m\u00e1s grandes a la rastra, s\u00e1bados y domingos a vender sopaipillas en su mejora o a domicilio.<\/p>\n<p style=\"text-align: justify;\">\u00a1Si hubiese podido estudiar!<\/p>\n<p style=\"text-align: justify;\">\u00a1Si no fuera por las ollas comunes!<\/p>\n<p style=\"text-align: justify;\">\u00a1Si no fu\u00e9ramos tan pobres!<\/p>\n<p style=\"text-align: justify;\">\u00a0\u00a1Mis hijos no se me van a morir de hambre!<\/p>\n<p style=\"text-align: justify;\">\u00a1A la chucha la cuarentena!<\/p>\n","protected":false},"excerpt":{"rendered":"<p>Por Iris Aceit\u00f3n Venegas &#8211;\u00a0 Ex Estudiante de la Universidad T\u00e9cnica del Estado \u2013 08-05-2021 No se ver\u00eda bien visto que este texto lo titulara \u201cel d\u00eda de las conchas de su madre\u201d, el garabato peor calificado en la jerga chilena y tambi\u00e9n en varios pa\u00edses latinoamericanos. Seg\u00fan les entendides en la materia de la [&hellip;]<\/p>\n","protected":false},"author":3,"featured_media":0,"comment_status":"closed","ping_status":"closed","sticky":false,"template":"","format":"standard","meta":{"pagelayer_contact_templates":[],"_pagelayer_content":""},"categories":[1],"tags":[],"_links":{"self":[{"href":"https:\/\/corporacionute-usach.cl\/wp\/wp-json\/wp\/v2\/posts\/4995"}],"collection":[{"href":"https:\/\/corporacionute-usach.cl\/wp\/wp-json\/wp\/v2\/posts"}],"about":[{"href":"https:\/\/corporacionute-usach.cl\/wp\/wp-json\/wp\/v2\/types\/post"}],"author":[{"embeddable":true,"href":"https:\/\/corporacionute-usach.cl\/wp\/wp-json\/wp\/v2\/users\/3"}],"replies":[{"embeddable":true,"href":"https:\/\/corporacionute-usach.cl\/wp\/wp-json\/wp\/v2\/comments?post=4995"}],"version-history":[{"count":2,"href":"https:\/\/corporacionute-usach.cl\/wp\/wp-json\/wp\/v2\/posts\/4995\/revisions"}],"predecessor-version":[{"id":4998,"href":"https:\/\/corporacionute-usach.cl\/wp\/wp-json\/wp\/v2\/posts\/4995\/revisions\/4998"}],"wp:attachment":[{"href":"https:\/\/corporacionute-usach.cl\/wp\/wp-json\/wp\/v2\/media?parent=4995"}],"wp:term":[{"taxonomy":"category","embeddable":true,"href":"https:\/\/corporacionute-usach.cl\/wp\/wp-json\/wp\/v2\/categories?post=4995"},{"taxonomy":"post_tag","embeddable":true,"href":"https:\/\/corporacionute-usach.cl\/wp\/wp-json\/wp\/v2\/tags?post=4995"}],"curies":[{"name":"wp","href":"https:\/\/api.w.org\/{rel}","templated":true}]}}