{"id":3020,"date":"2020-06-15T10:37:43","date_gmt":"2020-06-15T14:37:43","guid":{"rendered":"https:\/\/corporacionute-usach.cl\/wp\/?p=3020"},"modified":"2020-06-15T10:38:20","modified_gmt":"2020-06-15T14:38:20","slug":"la-insoportable-necesidad-del-comprometido-plebiscito-constituyente","status":"publish","type":"post","link":"https:\/\/corporacionute-usach.cl\/wp\/2020\/06\/15\/la-insoportable-necesidad-del-comprometido-plebiscito-constituyente\/","title":{"rendered":"LA INSOPORTABLE NECESIDAD DEL COMPROMETIDO PLEBISCITO CONSTITUYENTE"},"content":{"rendered":"<h5 style=\"text-align: justify;\"><strong><em>por<\/em>\u00a0<a href=\"https:\/\/www.elmostrador.cl\/autor\/elmostrador\/\">El Mostrador<\/a>\u00a015 junio, 2020<\/strong><\/h5>\n<p style=\"text-align: justify;\"><strong><img loading=\"lazy\" class=\"size-medium wp-image-3021 alignleft\" src=\"https:\/\/corporacionute-usach.cl\/wp\/wp-content\/uploads\/2020\/06\/allamand-y-longueira-258x300.jpg\" alt=\"\" width=\"258\" height=\"300\" srcset=\"https:\/\/corporacionute-usach.cl\/wp\/wp-content\/uploads\/2020\/06\/allamand-y-longueira-258x300.jpg 258w, https:\/\/corporacionute-usach.cl\/wp\/wp-content\/uploads\/2020\/06\/allamand-y-longueira.jpg 315w\" sizes=\"(max-width: 258px) 100vw, 258px\" \/>Ahora fue el expresidente de la UDI, Pablo Longueira, quien plante\u00f3 \u2013tras meses de silencio pol\u00edtico y en espera del juicio oral donde se decidir\u00e1 si se le condena por los delitos de cohecho y fraudes tributarios que se le imputan\u2013 saltarse el plebiscito y pasar de lleno al debate del contenido de una nueva Constituci\u00f3n. Sus palabras encontraron eco inmediatamente en el senador RN Andr\u00e9s Allamand, reconocido vocero de la opci\u00f3n Rechazo, quien agreg\u00f3 que sea en el pr\u00f3ximo Congreso Nacional \u2013y no en una instancia constituyente elegida por el pueblo especialmente para dicha tarea\u2013 donde se elabore la nueva Carta Fundamental, argumentando razones de ahorro econ\u00f3mico. Pero una alternativa que no contemple la consulta \u201cde entrada\u201d a la ciudadan\u00eda en el proceso constituyente, no solo dinamitar\u00eda lo que le resta de credibilidad a la clase pol\u00edtica, sino que tambi\u00e9n pondr\u00eda cuesta arriba la posibilidad de empezar a sanear nuestra agotada democracia.<\/strong><\/p>\n<p style=\"text-align: justify;\"><strong>Una vez m\u00e1s, desde los sectores m\u00e1s conservadores y dogm\u00e1ticos de la derecha, han aparecido voces que intentan torcer el acuerdo pol\u00edtico firmado la noche del 15 de noviembre de 2019, que estableci\u00f3 una ruta clara para el proceso constituyente y con un punto de inicio fundamental: el plebiscito del 25 de octubre, en el cual la ciudadan\u00eda tendr\u00e1 la posibilidad de decidir si quiere o no una nueva Constituci\u00f3n Pol\u00edtica y si esta se elabora a trav\u00e9s de una Convenci\u00f3n Constitucional o una Convenci\u00f3n Mixta.<\/strong><\/p>\n<p style=\"text-align: justify;\"><strong><em>No es el momento para este debate. Queda tiempo. Es cierto que se tiene que hacer esta evaluaci\u00f3n, s\u00ed, pero no antes de finales de julio, con cifras sanitarias en la mano y no con cantos de sirena, que solo quieren \u2013a toda costa\u2013 tratar de no perder el control del debate y evitar que se inicie una discusi\u00f3n, verdaderamente democr\u00e1tica, de lo que debe ser la Constituci\u00f3n para el Chile de las pr\u00f3ximas d\u00e9cadas.<\/em><\/strong><\/p>\n<p style=\"text-align: justify;\"><strong>No han sido los \u00fanicos. Ya en abril el propio Presidente, Sebasti\u00e1n Pi\u00f1era, intent\u00f3 poner en tela de juicio la realizaci\u00f3n del plebiscito por los costos que implicar\u00eda este ejercicio democr\u00e1tico, en el marco de la crisis econ\u00f3mica desatada por la pandemia del COVID-19.<\/strong><\/p>\n<p style=\"text-align: justify;\"><strong>Dichos intentos encontraron un rechazo inmediato, no solo desde la oposici\u00f3n, sino adem\u00e1s desde vastos sectores de la propia derecha, que no se han arrepentido de la palabra empe\u00f1ada, porque tienen plena conciencia de que el acuerdo del 15 de noviembre es un compromiso pol\u00edtico de envergadura hist\u00f3rica, asumido de cara a la ciudadan\u00eda y que en el Chile pos estallido social de octubre, no existe espacio ni posibilidad para siquiera pensar en una salida fraguada entre cuatro paredes.<\/strong><\/p>\n<p style=\"text-align: justify;\"><strong>Una alternativa que no contemple la consulta \u201cde entrada\u201d a la ciudadan\u00eda en el proceso constituyente, no solo dinamitar\u00eda lo que le resta de credibilidad a la clase pol\u00edtica, sino que tambi\u00e9n pondr\u00eda cuesta arriba la posibilidad de empezar a sanear nuestra agotada democracia.<\/strong><\/p>\n<p style=\"text-align: justify;\"><strong>Los incansables promotores de hacer tambalear el plebiscito del 25 de octubre, olvidan un detalle no menor: la fecha est\u00e1 protegida por la propia Constituci\u00f3n. Fijar ese d\u00eda para la consulta signific\u00f3 una reforma constitucional aprobada por el Congreso por muy amplia mayor\u00eda, por lo que no cumplir con ella implicar\u00eda una violaci\u00f3n flagrante a las normas de la Carta Fundamental. Para hacerlo, se requerir\u00eda \u2013s\u00ed o s\u00ed\u2013 del voto favorable de los 2\/3 en la C\u00e1mara de Diputados y en el Senado.<\/strong><\/p>\n<p style=\"text-align: justify;\"><strong>Un\u00a0<em>quorum<\/em>\u00a0que en la pr\u00e1ctica no existe, porque, seg\u00fan lo que han declarado y comprometido p\u00fablicamente diversos parlamentarios de Chile Vamos, solo estar\u00edan disponibles para una nueva postergaci\u00f3n de la fecha \u2013ya se traslad\u00f3 del 26 de abril al 25 de octubre\u2013 por motivos sanitarios, en el caso que el avance de la pandemia del coronavirus est\u00e9 tan fuera de control, que el plebiscito implique poner en peligro la salud de la ciudadan\u00eda.<\/strong><\/p>\n<p style=\"text-align: justify;\"><strong>No es el momento para este debate. Queda tiempo. Es cierto que se tiene que hacer esta evaluaci\u00f3n, s\u00ed, pero no antes de finales de julio, con cifras sanitarias en la mano y no con cantos de sirena, que solo quieren \u2013a toda costa\u2013 tratar de no perder el control del debate y evitar que se inicie una discusi\u00f3n, verdaderamente democr\u00e1tica, de lo que debe ser la Constituci\u00f3n para el Chile de las pr\u00f3ximas d\u00e9cadas.<\/strong><\/p>\n<p style=\"text-align: justify;\"><strong>GENTILEZA DE EL MOSTRADOR<\/strong><\/p>\n","protected":false},"excerpt":{"rendered":"<p>por\u00a0El Mostrador\u00a015 junio, 2020 Ahora fue el expresidente de la UDI, Pablo Longueira, quien plante\u00f3 \u2013tras meses de silencio pol\u00edtico y en espera del juicio oral donde se decidir\u00e1 si se le condena por los delitos de cohecho y fraudes tributarios que se le imputan\u2013 saltarse el plebiscito y pasar de lleno al debate del [&hellip;]<\/p>\n","protected":false},"author":1,"featured_media":0,"comment_status":"closed","ping_status":"closed","sticky":false,"template":"","format":"standard","meta":{"pagelayer_contact_templates":[],"_pagelayer_content":""},"categories":[1],"tags":[],"_links":{"self":[{"href":"https:\/\/corporacionute-usach.cl\/wp\/wp-json\/wp\/v2\/posts\/3020"}],"collection":[{"href":"https:\/\/corporacionute-usach.cl\/wp\/wp-json\/wp\/v2\/posts"}],"about":[{"href":"https:\/\/corporacionute-usach.cl\/wp\/wp-json\/wp\/v2\/types\/post"}],"author":[{"embeddable":true,"href":"https:\/\/corporacionute-usach.cl\/wp\/wp-json\/wp\/v2\/users\/1"}],"replies":[{"embeddable":true,"href":"https:\/\/corporacionute-usach.cl\/wp\/wp-json\/wp\/v2\/comments?post=3020"}],"version-history":[{"count":2,"href":"https:\/\/corporacionute-usach.cl\/wp\/wp-json\/wp\/v2\/posts\/3020\/revisions"}],"predecessor-version":[{"id":3023,"href":"https:\/\/corporacionute-usach.cl\/wp\/wp-json\/wp\/v2\/posts\/3020\/revisions\/3023"}],"wp:attachment":[{"href":"https:\/\/corporacionute-usach.cl\/wp\/wp-json\/wp\/v2\/media?parent=3020"}],"wp:term":[{"taxonomy":"category","embeddable":true,"href":"https:\/\/corporacionute-usach.cl\/wp\/wp-json\/wp\/v2\/categories?post=3020"},{"taxonomy":"post_tag","embeddable":true,"href":"https:\/\/corporacionute-usach.cl\/wp\/wp-json\/wp\/v2\/tags?post=3020"}],"curies":[{"name":"wp","href":"https:\/\/api.w.org\/{rel}","templated":true}]}}