{"id":1843,"date":"2019-12-03T11:03:46","date_gmt":"2019-12-03T15:03:46","guid":{"rendered":"https:\/\/corporacionute-usach.cl\/wp\/?p=1843"},"modified":"2019-12-03T11:04:33","modified_gmt":"2019-12-03T15:04:33","slug":"historico-acuerdo-que-pone-fin-a-la-primera-subcontratacion-en-la-usach","status":"publish","type":"post","link":"https:\/\/corporacionute-usach.cl\/wp\/2019\/12\/03\/historico-acuerdo-que-pone-fin-a-la-primera-subcontratacion-en-la-usach\/","title":{"rendered":"HISTORICO ACUERDO QUE PONE FIN A LA PRIMERA SUBCONTRATACION  EN LA USACH"},"content":{"rendered":"<p>&nbsp;<\/p>\n<p style=\"text-align: justify;\"><img loading=\"lazy\" class=\"alignnone wp-image-1845\" src=\"https:\/\/corporacionute-usach.cl\/wp\/wp-content\/uploads\/2019\/12\/USACH-A-DIA-300x300.jpg\" alt=\"\" width=\"790\" height=\"790\" srcset=\"https:\/\/corporacionute-usach.cl\/wp\/wp-content\/uploads\/2019\/12\/USACH-A-DIA-300x300.jpg 300w, https:\/\/corporacionute-usach.cl\/wp\/wp-content\/uploads\/2019\/12\/USACH-A-DIA-150x150.jpg 150w, https:\/\/corporacionute-usach.cl\/wp\/wp-content\/uploads\/2019\/12\/USACH-A-DIA-768x768.jpg 768w, https:\/\/corporacionute-usach.cl\/wp\/wp-content\/uploads\/2019\/12\/USACH-A-DIA.jpg 960w\" sizes=\"(max-width: 790px) 100vw, 790px\" \/><\/p>\n<h5 style=\"text-align: justify;\">\u00a1Ya es oficial!<br \/>\nHoy la Usach firm\u00f3 el \u201cAcuerdo por el fin al subcontrato y el bienestar en el trabajo\u201d, hito hist\u00f3rico que marca un precedente al interior de nuestra Universidad, dadas las problem\u00e1ticas actuales que han tenido las y los trabajadores de empresas externas y personal contratado a honorarios por su seguridad laboral y mejoramiento de las condiciones y la vida personal, la Rector\u00eda en\u00a0conjunto con la Mesa Interina, Vocal\u00eda Laboral, Consejeros Estudiantiles acordaron trabajar para:<\/h5>\n<h5 style=\"text-align: justify;\">Dar fin al subcontrato de las empresas de servicios externo de aseo, jardines y seguridad, de manera gradual, comenzando el 01\/01\/2020 y terminando a fines de 2021. En su primera etapa, se comenzar\u00e1 con el personal de aseo a contar del 01\/01\/2020 y se espera a beneficiar a m\u00e1s de 300 personas.<\/h5>\n<h5 style=\"text-align: justify;\">La Rector\u00eda junto con la Vocal\u00eda Laboral se encargar\u00e1n de generar instancias para regularizar estudios de las y los trabajadores. Cuya primera instancia es un Programa de Formaci\u00f3n para la Equivalencia de Estudios para fines laborales para que todas y todos puedan acceder a este beneficio.<\/h5>\n","protected":false},"excerpt":{"rendered":"<p>&nbsp; \u00a1Ya es oficial! Hoy la Usach firm\u00f3 el \u201cAcuerdo por el fin al subcontrato y el bienestar en el trabajo\u201d, hito hist\u00f3rico que marca un precedente al interior de nuestra Universidad, dadas las problem\u00e1ticas actuales que han tenido las y los trabajadores de empresas externas y personal contratado a honorarios por su seguridad laboral [&hellip;]<\/p>\n","protected":false},"author":1,"featured_media":0,"comment_status":"closed","ping_status":"closed","sticky":false,"template":"","format":"standard","meta":{"pagelayer_contact_templates":[],"_pagelayer_content":""},"categories":[1],"tags":[],"_links":{"self":[{"href":"https:\/\/corporacionute-usach.cl\/wp\/wp-json\/wp\/v2\/posts\/1843"}],"collection":[{"href":"https:\/\/corporacionute-usach.cl\/wp\/wp-json\/wp\/v2\/posts"}],"about":[{"href":"https:\/\/corporacionute-usach.cl\/wp\/wp-json\/wp\/v2\/types\/post"}],"author":[{"embeddable":true,"href":"https:\/\/corporacionute-usach.cl\/wp\/wp-json\/wp\/v2\/users\/1"}],"replies":[{"embeddable":true,"href":"https:\/\/corporacionute-usach.cl\/wp\/wp-json\/wp\/v2\/comments?post=1843"}],"version-history":[{"count":4,"href":"https:\/\/corporacionute-usach.cl\/wp\/wp-json\/wp\/v2\/posts\/1843\/revisions"}],"predecessor-version":[{"id":1847,"href":"https:\/\/corporacionute-usach.cl\/wp\/wp-json\/wp\/v2\/posts\/1843\/revisions\/1847"}],"wp:attachment":[{"href":"https:\/\/corporacionute-usach.cl\/wp\/wp-json\/wp\/v2\/media?parent=1843"}],"wp:term":[{"taxonomy":"category","embeddable":true,"href":"https:\/\/corporacionute-usach.cl\/wp\/wp-json\/wp\/v2\/categories?post=1843"},{"taxonomy":"post_tag","embeddable":true,"href":"https:\/\/corporacionute-usach.cl\/wp\/wp-json\/wp\/v2\/tags?post=1843"}],"curies":[{"name":"wp","href":"https:\/\/api.w.org\/{rel}","templated":true}]}}