{"id":1629,"date":"2019-11-14T11:23:39","date_gmt":"2019-11-14T15:23:39","guid":{"rendered":"https:\/\/corporacionute-usach.cl\/wp\/?p=1629"},"modified":"2019-11-14T11:23:39","modified_gmt":"2019-11-14T15:23:39","slug":"invitacion-a-cabildo-de-la-corporacion-ute-usach","status":"publish","type":"post","link":"https:\/\/corporacionute-usach.cl\/wp\/2019\/11\/14\/invitacion-a-cabildo-de-la-corporacion-ute-usach\/","title":{"rendered":"INVITACION A CABILDO DE LA CORPORACION UTE-USACH"},"content":{"rendered":"<h2 style=\"text-align: justify;\"><strong>COMPA\u00d1ERAS Y COMPA\u00d1EROS<\/strong><\/h2>\n<p style=\"text-align: justify;\"><strong>Queremos invitar cordialmente para el s\u00e1bado 16 de noviembre, desde las 10 a 13 horas a un cabildo sobre la nueva constituci\u00f3n\u2026y c\u00f3mo podemos desde nuestro \u00e1mbito apoyar a las demandas que han surgido de este<\/strong>\u00a0tremendo<strong> movimiento social que tiene al r\u00e9gimen Asustado y preocupado.<\/strong><\/p>\n<p style=\"text-align: justify;\"><strong>El encuentro ser\u00e1 apoyado por Marcos Barraza, ex dirigente estudiantil de la Usach, ex Ministro de Estado y actual director de la Carrera de Psicolog\u00eda, de la USACH, apoyado por un abogado constitucionalista.<\/strong><\/p>\n<p style=\"text-align: justify;\"><strong>Los esperamos este s\u00e1bado 16 a contar de las 10 horas en la sala 548 de la Escuela de Artes Oficios, ex patio de Ingenieros, segundo piso.<\/strong><\/p>\n<p style=\"text-align: justify;\"><strong>Encarecemos la puntualidad, ya que los tiempos por ser s\u00e1bado, son limitados.<\/strong><\/p>\n<p style=\"text-align: justify;\"><strong>Estacionamiento por<\/strong><\/p>\n<p style=\"text-align: justify;\"><strong>Calle el belloto 3735 (el belloto es paralela a ecuador)<\/strong><\/p>\n<p style=\"text-align: justify;\"><strong>Calle Obispo Uma\u00f1a 50 ( ex calle bernal del mercado al llegar a ecuador )<\/strong><\/p>\n<p style=\"text-align: justify;\"><strong>Si no has participado en alg\u00fan cabildo ven con nosotros, si has participado, ven para orientarnos.<\/strong><\/p>\n<p style=\"text-align: justify;\"><strong>TE ESPERAMOS <\/strong><\/p>\n<h2 style=\"text-align: justify;\"><strong>CORPORACION SOLIDARIA UTE-USACH<\/strong><\/h2>\n","protected":false},"excerpt":{"rendered":"<p>COMPA\u00d1ERAS Y COMPA\u00d1EROS Queremos invitar cordialmente para el s\u00e1bado 16 de noviembre, desde las 10 a 13 horas a un cabildo sobre la nueva constituci\u00f3n\u2026y c\u00f3mo podemos desde nuestro \u00e1mbito apoyar a las demandas que han surgido de este\u00a0tremendo movimiento social que tiene al r\u00e9gimen Asustado y preocupado. El encuentro ser\u00e1 apoyado por Marcos Barraza, [&hellip;]<\/p>\n","protected":false},"author":1,"featured_media":0,"comment_status":"closed","ping_status":"closed","sticky":false,"template":"","format":"standard","meta":{"pagelayer_contact_templates":[],"_pagelayer_content":""},"categories":[1],"tags":[],"_links":{"self":[{"href":"https:\/\/corporacionute-usach.cl\/wp\/wp-json\/wp\/v2\/posts\/1629"}],"collection":[{"href":"https:\/\/corporacionute-usach.cl\/wp\/wp-json\/wp\/v2\/posts"}],"about":[{"href":"https:\/\/corporacionute-usach.cl\/wp\/wp-json\/wp\/v2\/types\/post"}],"author":[{"embeddable":true,"href":"https:\/\/corporacionute-usach.cl\/wp\/wp-json\/wp\/v2\/users\/1"}],"replies":[{"embeddable":true,"href":"https:\/\/corporacionute-usach.cl\/wp\/wp-json\/wp\/v2\/comments?post=1629"}],"version-history":[{"count":2,"href":"https:\/\/corporacionute-usach.cl\/wp\/wp-json\/wp\/v2\/posts\/1629\/revisions"}],"predecessor-version":[{"id":1631,"href":"https:\/\/corporacionute-usach.cl\/wp\/wp-json\/wp\/v2\/posts\/1629\/revisions\/1631"}],"wp:attachment":[{"href":"https:\/\/corporacionute-usach.cl\/wp\/wp-json\/wp\/v2\/media?parent=1629"}],"wp:term":[{"taxonomy":"category","embeddable":true,"href":"https:\/\/corporacionute-usach.cl\/wp\/wp-json\/wp\/v2\/categories?post=1629"},{"taxonomy":"post_tag","embeddable":true,"href":"https:\/\/corporacionute-usach.cl\/wp\/wp-json\/wp\/v2\/tags?post=1629"}],"curies":[{"name":"wp","href":"https:\/\/api.w.org\/{rel}","templated":true}]}}